{"id":1052,"__str__":"Projeto de Lei n\u00ba 4386 de 2025","link_detail_backend":"/materia/1052","metadata":{},"numero":4386,"ano":2025,"numero_protocolo":null,"data_apresentacao":"2025-03-11","tipo_apresentacao":"E","data_publicacao":null,"numero_origem_externa":"","ano_origem_externa":null,"data_origem_externa":null,"apelido":"","dias_prazo":null,"data_fim_prazo":null,"em_tramitacao":false,"polemica":false,"objeto":"","complementar":false,"ementa":"Projeto de Lei n. 4386, de 7 de mar\u00e7o de 2025, de autoria do Vereador Marcelo Jos\u00e9 de Lemos, que \u201cInstitui no \u00e2mbito do Munic\u00edpio de Ji-Paran\u00e1 o \u201cJulho Laranja\u201d para conscientiza\u00e7\u00e3o da necessidade do exame ortod\u00f4ntico anual nas crian\u00e7as de 6 a 12 anos de idade\u201d","indexacao":"","observacao":"","resultado":"","texto_original":"http://sapl.jiparana.ro.leg.br/media/sapl/public/materialegislativa/2025/1052/projeto_de_lei_n._4386_marcelo_-_institui_julho_laranja.pdf","data_ultima_atualizacao":"2025-12-17T11:18:04.101060-03:00","ip":"168.197.11.234","ultima_edicao":"2025-12-17T11:16:47.652221-03:00","tipo":9,"regime_tramitacao":1,"tipo_origem_externa":null,"local_origem_externa":null,"user":47,"anexadas":[],"autores":[43]}