{"id":1220,"__str__":"Requerimento de sess\u00e3o n\u00ba 1 de 2026","link_detail_backend":"/materia/1220","metadata":{},"numero":1,"ano":2026,"numero_protocolo":null,"data_apresentacao":"2026-02-24","tipo_apresentacao":"E","data_publicacao":null,"numero_origem_externa":"","ano_origem_externa":null,"data_origem_externa":null,"apelido":"","dias_prazo":null,"data_fim_prazo":null,"em_tramitacao":false,"polemica":false,"objeto":"","complementar":false,"ementa":"Requerimento S/N, assinado por 17 (dezessete) Vereadores, requerendo ap\u00f3s delibera\u00e7\u00e3o em Plen\u00e1rio, a inclus\u00e3o, discuss\u00e3o e vota\u00e7\u00e3o \u00fanica na pauta da Ordem do Dia da 1\u00aa Sess\u00e3o Ordin\u00e1ria, dos seguintes Projetos de Lei: Projeto de Lei n. 4453/2026, (3302 de origem), que \u201cAutoriza o Poder Executivo a adquirir, por compra, o im\u00f3vel que especifica, e d\u00e1 outras provid\u00eancias\u201d, Projeto de Lei n. 4458/2026 (3306 de origem), que \u201cDisp\u00f5e sobre o vencimento dos Agentes Comunit\u00e1rios de Sa\u00fade e Agentes de Combate \u00e0s Endemias, nos termos da Emenda Constitucional n. 120, de 5 de maio de 2022\u201d e Projeto de Resolu\u00e7\u00e3o n. 268/2026, que \u201cAltera o Anexo \u00danico da Resolu\u00e7\u00e3o n. 212, de 2 de dezembro de 2025, que \u201cAutoriza o Poder Legislativo Municipal a proceder a baixa de material inserv\u00edvel e imprest\u00e1vel\u201d.","indexacao":"","observacao":"","resultado":"","texto_original":"http://sapl.jiparana.ro.leg.br/media/sapl/public/materialegislativa/2026/1220/requerimento_1a_sessao_ord.incl_disc_e_vot.unica.pdf","data_ultima_atualizacao":"2026-02-25T10:41:24.499637-03:00","ip":"168.197.11.234","ultima_edicao":"2026-02-25T10:41:23.159252-03:00","tipo":21,"regime_tramitacao":1,"tipo_origem_externa":null,"local_origem_externa":null,"user":47,"anexadas":[],"autores":[]}