{"id":135,"__str__":"Indica\u00e7\u00e3o n\u00ba 593 de 2025","link_detail_backend":"/materia/135","metadata":{},"numero":593,"ano":2025,"numero_protocolo":null,"data_apresentacao":"2025-09-02","tipo_apresentacao":"E","data_publicacao":null,"numero_origem_externa":"","ano_origem_externa":null,"data_origem_externa":null,"apelido":"","dias_prazo":null,"data_fim_prazo":null,"em_tramitacao":false,"polemica":false,"objeto":"","complementar":false,"ementa":"Indica\u00e7\u00e3o n.593/2025, solicitando pavimenta\u00e7\u00e3o asf\u00e1ltica nas ruas Jos\u00e9 Sarney e Parintins, ambas entre a Rua Acre e a Rua Tancredo Neves, Bairro Jardim Presidencial.","indexacao":"","observacao":"","resultado":"","texto_original":null,"data_ultima_atualizacao":"2025-09-01T12:51:45.425903-03:00","ip":"168.197.11.234","ultima_edicao":"2025-09-01T12:50:51.059885-03:00","tipo":8,"regime_tramitacao":1,"tipo_origem_externa":null,"local_origem_externa":null,"user":47,"anexadas":[],"autores":[47]}