{"id":142,"__str__":"Indica\u00e7\u00e3o n\u00ba 600 de 2025","link_detail_backend":"/materia/142","metadata":{},"numero":600,"ano":2025,"numero_protocolo":null,"data_apresentacao":"2025-09-02","tipo_apresentacao":"E","data_publicacao":null,"numero_origem_externa":"","ano_origem_externa":null,"data_origem_externa":null,"apelido":"","dias_prazo":null,"data_fim_prazo":null,"em_tramitacao":false,"polemica":false,"objeto":"","complementar":false,"ementa":"Indica\u00e7\u00e3o n.600/2025, solicitando a instala\u00e7\u00e3o de placas de Comunica\u00e7\u00e3o Aumentativa e Alternativa (CAA) em espa\u00e7os p\u00fablicos - como pra\u00e7as, Unidades B\u00e1sicas de Sa\u00fade (UBS), Unidades de Pronto Atendimento (UPA), Hospital Municipal (HM) e demais locais p\u00fablicos - para facilitar a comunica\u00e7\u00e3o de crian\u00e7as e adultos com Transtorno do Espectro Autista (TEA) n\u00e3o verbais.","indexacao":"","observacao":"","resultado":"","texto_original":null,"data_ultima_atualizacao":"2025-09-01T13:19:16.924562-03:00","ip":"168.197.11.234","ultima_edicao":"2025-09-01T13:19:16.818897-03:00","tipo":8,"regime_tramitacao":1,"tipo_origem_externa":null,"local_origem_externa":null,"user":47,"anexadas":[],"autores":[54]}