{"id":145,"__str__":"Requerimento de sess\u00e3o n\u00ba 6 de 2025","link_detail_backend":"/materia/145","metadata":{},"numero":6,"ano":2025,"numero_protocolo":null,"data_apresentacao":"2025-09-02","tipo_apresentacao":"E","data_publicacao":null,"numero_origem_externa":"","ano_origem_externa":null,"data_origem_externa":null,"apelido":"","dias_prazo":null,"data_fim_prazo":null,"em_tramitacao":false,"polemica":false,"objeto":"","complementar":false,"ementa":"Indica\u00e7\u00e3o de Vereador para preencher o cargo de Vice-Presidente da Comiss\u00e3o Permanente de Educa\u00e7\u00e3o e Cultura, para o Bi\u00eanio 2025 \u2013 2026.","indexacao":"","observacao":"","resultado":"","texto_original":null,"data_ultima_atualizacao":"2025-09-03T10:09:45.980588-03:00","ip":"168.197.11.234","ultima_edicao":"2025-09-03T10:09:45.867372-03:00","tipo":21,"regime_tramitacao":1,"tipo_origem_externa":null,"local_origem_externa":null,"user":47,"anexadas":[],"autores":[]}