{"id":146,"__str__":"Requerimento de sess\u00e3o n\u00ba 7 de 2025","link_detail_backend":"/materia/146","metadata":{},"numero":7,"ano":2025,"numero_protocolo":null,"data_apresentacao":"2025-09-02","tipo_apresentacao":"","data_publicacao":null,"numero_origem_externa":"","ano_origem_externa":null,"data_origem_externa":null,"apelido":"","dias_prazo":null,"data_fim_prazo":null,"em_tramitacao":false,"polemica":false,"objeto":"","complementar":false,"ementa":"Indica\u00e7\u00e3o de Vereador para preencher o cargo de Presidente e Vice-Presidente da Comiss\u00e3o Permanente de Esportes, para o Bi\u00eanio 2025 \u2013 2026.","indexacao":"","observacao":"","resultado":"","texto_original":null,"data_ultima_atualizacao":"2025-10-06T12:53:47.692027-03:00","ip":"168.197.11.234","ultima_edicao":"2025-10-06T12:53:47.599302-03:00","tipo":21,"regime_tramitacao":1,"tipo_origem_externa":null,"local_origem_externa":null,"user":49,"anexadas":[],"autores":[]}