{"id":204,"__str__":"Indica\u00e7\u00e3o n\u00ba 534 de 2025","link_detail_backend":"/materia/204","metadata":{},"numero":534,"ano":2025,"numero_protocolo":null,"data_apresentacao":"2025-08-05","tipo_apresentacao":"E","data_publicacao":null,"numero_origem_externa":"","ano_origem_externa":null,"data_origem_externa":null,"apelido":"","dias_prazo":null,"data_fim_prazo":null,"em_tramitacao":false,"polemica":false,"objeto":"","complementar":false,"ementa":"Indica\u00e7\u00e3o n.534/2025, solicitando o envio de Projeto de Lei nos termos do Anteprojeto de Lei n\u00ba 015/2025, que \u201cDisp\u00f5e sobre a delimita\u00e7\u00e3o, tempor\u00e1ria ou permanente, de vias p\u00fablicas para uso exclusivo ou priorit\u00e1rio de modalidades de mobilidade ativa, como ciclismo, caminhada, corrida, skate e patins no Munic\u00edpio de Ji-Paran\u00e1\u201d. (Anexo Anteprojeto de Lei 015/2025).","indexacao":"","observacao":"","resultado":"","texto_original":null,"data_ultima_atualizacao":"2025-09-10T13:13:01.948559-03:00","ip":"168.197.11.234","ultima_edicao":"2025-09-10T13:12:12.789063-03:00","tipo":8,"regime_tramitacao":1,"tipo_origem_externa":null,"local_origem_externa":null,"user":47,"anexadas":[],"autores":[43]}