{"id":253,"__str__":"Indica\u00e7\u00e3o n\u00ba 467 de 2025","link_detail_backend":"/materia/253","metadata":{},"numero":467,"ano":2025,"numero_protocolo":null,"data_apresentacao":"2025-06-17","tipo_apresentacao":"E","data_publicacao":null,"numero_origem_externa":"","ano_origem_externa":null,"data_origem_externa":null,"apelido":"","dias_prazo":null,"data_fim_prazo":null,"em_tramitacao":false,"polemica":false,"objeto":"","complementar":false,"ementa":"Indica\u00e7\u00e3o n.467/2025, solicita\u00e7\u00e3o de envio de Projeto de Lei nos termos do Anteprojeto de Lei n\u00ba 011/2025 que \u201cDisp\u00f5e sobre o uso das ambul\u00e2ncias municipais para transporte de pacientes da rede privada mediante prescri\u00e7\u00e3o m\u00e9dica, em momentos de disponibilidade, e d\u00e1 outras provid\u00eancias\u201d. (Anexo Anteprojeto n. 011/2025).","indexacao":"","observacao":"","resultado":"","texto_original":null,"data_ultima_atualizacao":"2025-09-11T10:40:13.396748-03:00","ip":"168.197.11.234","ultima_edicao":"2025-09-11T10:38:50.782835-03:00","tipo":8,"regime_tramitacao":1,"tipo_origem_externa":null,"local_origem_externa":null,"user":49,"anexadas":[],"autores":[11]}