{"id":322,"__str__":"Indica\u00e7\u00e3o n\u00ba 416 de 2025","link_detail_backend":"/materia/322","metadata":{},"numero":416,"ano":2025,"numero_protocolo":null,"data_apresentacao":"2025-05-27","tipo_apresentacao":"E","data_publicacao":null,"numero_origem_externa":"","ano_origem_externa":null,"data_origem_externa":null,"apelido":"","dias_prazo":null,"data_fim_prazo":null,"em_tramitacao":false,"polemica":false,"objeto":"","complementar":false,"ementa":"Indica\u00e7\u00e3o n.416/2025, solicitando que a creche a ser constru\u00edda no Bairro Primavera, por meio de emenda parlamentar destinada pela Deputada Estadual Cl\u00e1udia de Jesus, receba o nome de \u201cCreche Dom Ant\u00f4nio Possamai\u201d.","indexacao":"","observacao":"","resultado":"","texto_original":null,"data_ultima_atualizacao":"2025-09-11T13:59:25.140043-03:00","ip":"168.197.11.234","ultima_edicao":"2025-09-11T13:58:36.810026-03:00","tipo":8,"regime_tramitacao":1,"tipo_origem_externa":null,"local_origem_externa":null,"user":47,"anexadas":[],"autores":[48]}