{"id":470,"__str__":"Indica\u00e7\u00e3o n\u00ba 271 de 2025","link_detail_backend":"/materia/470","metadata":{},"numero":271,"ano":2025,"numero_protocolo":null,"data_apresentacao":"2025-04-29","tipo_apresentacao":"E","data_publicacao":null,"numero_origem_externa":"","ano_origem_externa":null,"data_origem_externa":null,"apelido":"","dias_prazo":null,"data_fim_prazo":null,"em_tramitacao":false,"polemica":false,"objeto":"","complementar":false,"ementa":"Indica\u00e7\u00e3o n.271/2025, solicitando reparo da ilumina\u00e7\u00e3o p\u00fablica nas Ruas Carlos Luiz (T-3), Nereu Ramos (T-4), Ranieri Mazilli (T-5) e Jo\u00e3o Goulart (T-6), sentido a antiga linha 94.","indexacao":"","observacao":"","resultado":"","texto_original":null,"data_ultima_atualizacao":"2025-09-19T10:09:27.768432-03:00","ip":"168.197.11.234","ultima_edicao":"2025-09-19T10:08:45.007033-03:00","tipo":8,"regime_tramitacao":1,"tipo_origem_externa":null,"local_origem_externa":null,"user":47,"anexadas":[],"autores":[26]}