{"id":594,"__str__":"Of\u00edcio n\u00ba 16 de 2025","link_detail_backend":"/materia/594","metadata":{},"numero":16,"ano":2025,"numero_protocolo":null,"data_apresentacao":"2025-09-23","tipo_apresentacao":"E","data_publicacao":null,"numero_origem_externa":"","ano_origem_externa":2025,"data_origem_externa":null,"apelido":"","dias_prazo":null,"data_fim_prazo":null,"em_tramitacao":false,"polemica":false,"objeto":"","complementar":false,"ementa":"Of\u00edcio Interno n. 94/GVGF/2025, justificando aus\u00eancia do Vereador Geraldo Aparecido Gon\u00e7alves Ferreira na 27\u00aa Sess\u00e3o Ordin\u00e1ria, do dia 23 de setembro de 2025, o motivo da aus\u00eancia se deu em raz\u00e3o de ter acompanhado um(a) familiar o qual seu filho (seu sobrinho) est\u00e1 desaparecido desde 22/09/2025.","indexacao":"","observacao":"","resultado":"","texto_original":null,"data_ultima_atualizacao":"2025-09-24T09:39:05.921382-03:00","ip":"168.197.11.234","ultima_edicao":"2025-09-24T09:34:48.754257-03:00","tipo":22,"regime_tramitacao":1,"tipo_origem_externa":null,"local_origem_externa":null,"user":47,"anexadas":[],"autores":[47]}