{"id":63,"__str__":"Indica\u00e7\u00e3o n\u00ba 538 de 2025","link_detail_backend":"/materia/63","metadata":{},"numero":538,"ano":2025,"numero_protocolo":null,"data_apresentacao":"2025-08-06","tipo_apresentacao":"","data_publicacao":null,"numero_origem_externa":"","ano_origem_externa":null,"data_origem_externa":null,"apelido":"","dias_prazo":null,"data_fim_prazo":null,"em_tramitacao":false,"polemica":false,"objeto":"","complementar":false,"ementa":"solicitando a\u00e7\u00e3o conjunta entre as Secretarias: (SEMURF) Secretaria Municipal de Regulariza\u00e7\u00e3o Fundi\u00e1ria, (SEMASF) Secretaria Municipal de Assist\u00eancia Social e Fam\u00edlia e a (SEAS) Secretaria Estadual de Integra\u00e7\u00e3o e Assist\u00eancia Social, no dia 29 de agosto de 2025, no Distrito de Nova Colina, com o objetivo de promover o cadastramento de im\u00f3veis na localidade e avan\u00e7ar nas pol\u00edticas p\u00fablicas voltadas \u00e0 regulariza\u00e7\u00e3o fundi\u00e1ria e ao fortalecimento do acesso da popula\u00e7\u00e3o aos servi\u00e7os sociais e de cidadania.","indexacao":"","observacao":"","resultado":"","texto_original":null,"data_ultima_atualizacao":"2025-08-12T09:48:49.342305-03:00","ip":"168.197.11.234","ultima_edicao":"2025-08-12T09:48:02.448709-03:00","tipo":8,"regime_tramitacao":1,"tipo_origem_externa":null,"local_origem_externa":null,"user":29,"anexadas":[],"autores":[53]}