{"id":747,"__str__":"Indica\u00e7\u00e3o n\u00ba 93 de 2025","link_detail_backend":"/materia/747","metadata":{},"numero":93,"ano":2025,"numero_protocolo":null,"data_apresentacao":"2025-03-11","tipo_apresentacao":"E","data_publicacao":null,"numero_origem_externa":"","ano_origem_externa":null,"data_origem_externa":null,"apelido":"","dias_prazo":null,"data_fim_prazo":null,"em_tramitacao":false,"polemica":false,"objeto":"","complementar":false,"ementa":"Indica\u00e7\u00e3o n.093/2025, solicitando provid\u00eancias no sentido de reativar a Feira do Produtor Rural, no galp\u00e3o localizado na T 20, no Bairro Mario Andreza.","indexacao":"","observacao":"","resultado":"","texto_original":null,"data_ultima_atualizacao":"2025-09-30T12:30:46.421628-03:00","ip":"168.197.11.234","ultima_edicao":"2025-09-30T12:30:14.318482-03:00","tipo":8,"regime_tramitacao":1,"tipo_origem_externa":null,"local_origem_externa":null,"user":47,"anexadas":[],"autores":[48]}