{"id":830,"__str__":"Indica\u00e7\u00e3o n\u00ba 687 de 2025","link_detail_backend":"/materia/830","metadata":{},"numero":687,"ano":2025,"numero_protocolo":null,"data_apresentacao":"2025-10-07","tipo_apresentacao":"E","data_publicacao":null,"numero_origem_externa":"","ano_origem_externa":null,"data_origem_externa":null,"apelido":"","dias_prazo":null,"data_fim_prazo":null,"em_tramitacao":false,"polemica":false,"objeto":"","complementar":false,"ementa":"Indica\u00e7\u00e3o n.687/2025, solicitando reestrutura\u00e7\u00e3o com massa asf\u00e1ltica e servi\u00e7os de tapa-buracos na Rua Ant\u00f4nio Ferreira de Freitas entre Rua Rio Amazonas e Rua Jos\u00e9 Sarney, Bairro Jardim Presidencial.","indexacao":"","observacao":"","resultado":"","texto_original":null,"data_ultima_atualizacao":"2025-10-03T13:04:33.138719-03:00","ip":"168.197.11.234","ultima_edicao":"2025-10-03T13:03:52.394041-03:00","tipo":8,"regime_tramitacao":1,"tipo_origem_externa":null,"local_origem_externa":null,"user":49,"anexadas":[],"autores":[47]}