{"id":843,"__str__":"Indica\u00e7\u00e3o n\u00ba 698 de 2025","link_detail_backend":"/materia/843","metadata":{},"numero":698,"ano":2025,"numero_protocolo":null,"data_apresentacao":"2025-10-14","tipo_apresentacao":"E","data_publicacao":null,"numero_origem_externa":"","ano_origem_externa":null,"data_origem_externa":null,"apelido":"","dias_prazo":null,"data_fim_prazo":null,"em_tramitacao":false,"polemica":false,"objeto":"","complementar":false,"ementa":"Indica\u00e7\u00e3o n.698/2025, solicitando reforma da Pra\u00e7a do Bairro Jardim dos Migrantes com Instala\u00e7\u00f5es de Lixeiras Ecol\u00f3gicas.","indexacao":"","observacao":"","resultado":"","texto_original":null,"data_ultima_atualizacao":"2025-10-10T10:11:05.568808-03:00","ip":"168.197.11.234","ultima_edicao":"2025-10-10T10:09:50.070488-03:00","tipo":8,"regime_tramitacao":1,"tipo_origem_externa":null,"local_origem_externa":null,"user":49,"anexadas":[],"autores":[48]}