{"id":911,"__str__":"Indica\u00e7\u00e3o n\u00ba 744 de 2025","link_detail_backend":"/materia/911","metadata":{},"numero":744,"ano":2025,"numero_protocolo":null,"data_apresentacao":"2025-11-04","tipo_apresentacao":"E","data_publicacao":null,"numero_origem_externa":"","ano_origem_externa":null,"data_origem_externa":null,"apelido":"","dias_prazo":null,"data_fim_prazo":null,"em_tramitacao":false,"polemica":false,"objeto":"","complementar":false,"ementa":"Indica\u00e7\u00e3o n.744/2025, solicitando que seja providenciada com urg\u00eancia a realiza\u00e7\u00e3o de servi\u00e7os de manuten\u00e7\u00e3o e reparo nas seguintes pra\u00e7as p\u00fablicas do munic\u00edpio de Ji-Paran\u00e1, Pra\u00e7a do Feir\u00e3o do Produtor; Pra\u00e7a do Bairro Primavera; Pra\u00e7a do Bairro Colina Parque e Pra\u00e7a do Bairro Rondon I.","indexacao":"","observacao":"","resultado":"","texto_original":null,"data_ultima_atualizacao":"2025-11-03T13:08:31.521629-03:00","ip":"168.197.11.234","ultima_edicao":"2025-11-03T13:08:31.403972-03:00","tipo":8,"regime_tramitacao":1,"tipo_origem_externa":null,"local_origem_externa":null,"user":49,"anexadas":[],"autores":[26]}