{"id":977,"__str__":"Indica\u00e7\u00e3o n\u00ba 781 de 2025","link_detail_backend":"/materia/977","metadata":{},"numero":781,"ano":2025,"numero_protocolo":null,"data_apresentacao":"2025-11-25","tipo_apresentacao":"E","data_publicacao":null,"numero_origem_externa":"","ano_origem_externa":null,"data_origem_externa":null,"apelido":"","dias_prazo":null,"data_fim_prazo":null,"em_tramitacao":false,"polemica":false,"objeto":"","complementar":false,"ementa":"Indica\u00e7\u00e3o n.781/2025, solicitando que seja providenciada a limpeza completa da Pra\u00e7a do Feir\u00e3o do Produtor.","indexacao":"","observacao":"","resultado":"","texto_original":null,"data_ultima_atualizacao":"2025-11-24T11:42:36.288204-03:00","ip":"168.197.11.234","ultima_edicao":"2025-11-24T11:41:47.503199-03:00","tipo":8,"regime_tramitacao":1,"tipo_origem_externa":null,"local_origem_externa":null,"user":49,"anexadas":[],"autores":[26]}